{"id":4260,"date":"2022-12-10T17:32:00","date_gmt":"2022-12-10T17:32:00","guid":{"rendered":"http:\/\/salonamat.com\/?p=4260"},"modified":"2026-01-19T11:57:00","modified_gmt":"2026-01-19T11:57:00","slug":"attention-nouveau-lieu","status":"publish","type":"post","link":"https:\/\/salonamat.com\/index.php\/2022\/12\/10\/attention-nouveau-lieu\/","title":{"rendered":"Lieu du Salon &#8211; ATTENTION, CHANGMENT DE LIEU"},"content":{"rendered":"\n<p><\/p>\n\n\n\n<h4 class=\"wp-block-heading\">PRESENTATION DES COLLECTIONS Printemps-\u00c9t\u00e9 2027 :<\/h4>\n\n\n\n<h4 class=\"wp-block-heading\">Mardi 10 F\u00e9vrier 2026 de 9H00 \u00e0 18H00<\/h4>\n\n\n\n<div data-carousel-extra='{\"blog_id\":1,\"permalink\":\"https:\\\/\\\/salonamat.com\\\/index.php\\\/2022\\\/12\\\/10\\\/attention-nouveau-lieu\\\/\"}' class=\"wp-block-columns is-layout-flex wp-container-5\">\n<div data-carousel-extra='{\"blog_id\":1,\"permalink\":\"https:\\\/\\\/salonamat.com\\\/index.php\\\/2022\\\/12\\\/10\\\/attention-nouveau-lieu\\\/\"}' class=\"wp-block-column is-layout-flow\">\n<p><strong>LE MAEVA<\/strong><\/p>\n\n\n\n<p>590 Avenue du Col de l&#8217;Ange<\/p>\n\n\n\n<p>13420 G\u00e9menos<\/p>\n\n\n\n<p><strong>HORAIRES 09H00-18H00<\/strong><\/p>\n\n\n\n<h2 class=\"wp-block-heading\"><a href=\"https:\/\/www.1001salles.com\/mariage\/le-maeva.aspx\">Cliquez pour l\u2019acc\u00e8s au salon<\/a><\/h2>\n<\/div>\n\n\n\n<div data-carousel-extra='{\"blog_id\":1,\"permalink\":\"https:\\\/\\\/salonamat.com\\\/index.php\\\/2022\\\/12\\\/10\\\/attention-nouveau-lieu\\\/\"}' class=\"wp-block-column is-layout-flow\">\n<figure data-carousel-extra='{\"blog_id\":1,\"permalink\":\"https:\\\/\\\/salonamat.com\\\/index.php\\\/2022\\\/12\\\/10\\\/attention-nouveau-lieu\\\/\"}'   class=\"wp-block-gallery has-nested-images columns-default is-cropped wp-block-gallery-2 is-layout-flex\">\n<figure class=\"wp-block-image size-full\"><img data-attachment-id=\"10495\" data-permalink=\"https:\/\/salonamat.com\/index.php\/2022\/12\/10\/attention-nouveau-lieu\/capture-decran-2026-01-19-a-12-24-05\/\" data-orig-file=\"https:\/\/i0.wp.com\/salonamat.com\/wp-content\/uploads\/2022\/12\/Capture-decran-2026-01-19-a-12.24.05.png?fit=1140%2C754&amp;ssl=1\" data-orig-size=\"1140,754\" data-comments-opened=\"1\" data-image-meta=\"{&quot;aperture&quot;:&quot;0&quot;,&quot;credit&quot;:&quot;&quot;,&quot;camera&quot;:&quot;&quot;,&quot;caption&quot;:&quot;&quot;,&quot;created_timestamp&quot;:&quot;0&quot;,&quot;copyright&quot;:&quot;&quot;,&quot;focal_length&quot;:&quot;0&quot;,&quot;iso&quot;:&quot;0&quot;,&quot;shutter_speed&quot;:&quot;0&quot;,&quot;title&quot;:&quot;&quot;,&quot;orientation&quot;:&quot;0&quot;}\" data-image-title=\"Capture d\u2019e\u0301cran 2026-01-19 a\u0300 12.24.05\" data-image-description=\"\" data-image-caption=\"\" data-medium-file=\"https:\/\/i0.wp.com\/salonamat.com\/wp-content\/uploads\/2022\/12\/Capture-decran-2026-01-19-a-12.24.05.png?fit=300%2C198&amp;ssl=1\" data-large-file=\"https:\/\/i0.wp.com\/salonamat.com\/wp-content\/uploads\/2022\/12\/Capture-decran-2026-01-19-a-12.24.05.png?fit=720%2C476&amp;ssl=1\" decoding=\"async\" loading=\"lazy\" width=\"720\" height=\"476\" src=\"https:\/\/i0.wp.com\/salonamat.com\/wp-content\/uploads\/2022\/12\/Capture-decran-2026-01-19-a-12.24.05.png?resize=720%2C476&#038;ssl=1\" alt=\"\" class=\"wp-image-10495\" srcset=\"https:\/\/i0.wp.com\/salonamat.com\/wp-content\/uploads\/2022\/12\/Capture-decran-2026-01-19-a-12.24.05.png?w=1140&amp;ssl=1 1140w, https:\/\/i0.wp.com\/salonamat.com\/wp-content\/uploads\/2022\/12\/Capture-decran-2026-01-19-a-12.24.05.png?resize=300%2C198&amp;ssl=1 300w, https:\/\/i0.wp.com\/salonamat.com\/wp-content\/uploads\/2022\/12\/Capture-decran-2026-01-19-a-12.24.05.png?resize=1024%2C677&amp;ssl=1 1024w, https:\/\/i0.wp.com\/salonamat.com\/wp-content\/uploads\/2022\/12\/Capture-decran-2026-01-19-a-12.24.05.png?resize=768%2C508&amp;ssl=1 768w, https:\/\/i0.wp.com\/salonamat.com\/wp-content\/uploads\/2022\/12\/Capture-decran-2026-01-19-a-12.24.05.png?resize=136%2C90&amp;ssl=1 136w\" sizes=\"(max-width: 720px) 100vw, 720px\" data-recalc-dims=\"1\" \/><\/figure>\n<\/figure>\n<\/div>\n<\/div>\n","protected":false},"excerpt":{"rendered":"<p>PRESENTATION DES COLLECTIONS Printemps-\u00c9t\u00e9 2027 : Mardi 10 F\u00e9vrier 2026 de 9H00 \u00e0 18H00 LE MAEVA 590 Avenue du Col de l&#8217;Ange 13420 G\u00e9menos HORAIRES 09H00-18H00 Cliquez pour l\u2019acc\u00e8s au salon <a href=\"https:\/\/salonamat.com\/index.php\/2022\/12\/10\/attention-nouveau-lieu\/\" class=\"more-link\">Continuer de lire <span class=\"screen-reader-text\">Lieu du Salon &#8211; ATTENTION, CHANGMENT DE LIEU<\/span><\/a><\/p>\n","protected":false},"author":2,"featured_media":4886,"comment_status":"open","ping_status":"open","sticky":false,"template":"","format":"standard","meta":{"spay_email":"","jetpack_publicize_message":"","jetpack_is_tweetstorm":false,"jetpack_publicize_feature_enabled":true},"categories":[29],"tags":[],"jetpack_featured_media_url":"https:\/\/i0.wp.com\/salonamat.com\/wp-content\/uploads\/2022\/12\/Capture-de\u0301cran-2023-01-10-a\u0300-21.38.19-e1673383591670.png?fit=599%2C267&ssl=1","jetpack_publicize_connections":[],"jetpack_sharing_enabled":true,"jetpack_shortlink":"https:\/\/wp.me\/p7346W-16I","jetpack-related-posts":[{"id":4251,"url":"https:\/\/salonamat.com\/index.php\/2022\/12\/01\/comment-se-rendre-au-salon\/","url_meta":{"origin":4260,"position":0},"title":"COMMENT SE RENDRE AU SALON?","date":"d\u00e9cembre 1, 2022","format":false,"excerpt":"PRESENTATION DES COLLECTIONS Printemps-\u00c9t\u00e9 2027 :Mardi 10 f\u00e9vrier 2026de 9H00 \u00e0 18H00 LE MAEVA 590 Avenue du Col de l'Ange 13420 G\u00e9menos HORAIRES 09H00-18H00 Cliquez pour l'acc\u00e8s au salon","rel":"","context":"Dans &quot;textile&quot;","img":{"alt_text":"","src":"https:\/\/i0.wp.com\/salonamat.com\/wp-content\/uploads\/2022\/12\/changement-de-lieu-.jpg?fit=1200%2C675&ssl=1&resize=350%2C200","width":350,"height":200},"classes":[]},{"id":2125,"url":"https:\/\/salonamat.com\/index.php\/2022\/12\/01\/presentation-des-collections\/","url_meta":{"origin":4260,"position":1},"title":"PRESENTATION DES COLLECTIONS Printemps-\u00c9t\u00e9 2027 : Mardi 10 f\u00e9vrier 2026","date":"d\u00e9cembre 1, 2022","format":false,"excerpt":"PRESENTATION DES COLLECTIONS Printemps-\u00e9t\u00e9 2027: Mardi 10 f\u00e9vrier 2026 de 9H00 \u00e0 18H00 LE MAEVA 590 Avenue du Col de l'Ange 13420 G\u00e9menos HORAIRES 09H00-18H00 Cliquez ici pour le plan d'acc\u00e8s \u00a0","rel":"","context":"Dans &quot;dates du salon&quot;","img":{"alt_text":"","src":"https:\/\/i0.wp.com\/salonamat.com\/wp-content\/uploads\/2022\/12\/vibrant-fashion-textile-pattern-collection-display-generative-ai-scaled.jpg?fit=1200%2C686&ssl=1&resize=350%2C200","width":350,"height":200},"classes":[]},{"id":1253,"url":"https:\/\/salonamat.com\/index.php\/2022\/12\/10\/prochain-salon-du-geatra\/","url_meta":{"origin":4260,"position":2},"title":"LA DATE DU PROCHAIN SALON EST DESORMAIS CONNUE","date":"d\u00e9cembre 10, 2022","format":false,"excerpt":"Le prochain SALON se tiendra le mardi 10 f\u00e9vrier 2026 PRESENTATION DES COLLECTIONS Printemps-\u00c9t\u00e9 2027 : de 9H00 \u00e0 18H00 LE MAEVA 590 Avenue du Col de l'Ange 13420 G\u00e9menos Cliquez pour l\u2019acc\u00e8s au salon R\u00e9serv\u00e9 aux professionnels.","rel":"","context":"Dans &quot;dates du salon&quot;","img":{"alt_text":"","src":"https:\/\/i0.wp.com\/salonamat.com\/wp-content\/uploads\/2022\/12\/freepik__35mm-film-photography-make-a-photo-like-picture-of__16416.jpeg?fit=1024%2C1024&ssl=1&resize=350%2C200","width":350,"height":200},"classes":[]},{"id":1259,"url":"https:\/\/salonamat.com\/index.php\/2022\/12\/07\/salon-du-geatra-le-coeur-du-secteur-textile\/","url_meta":{"origin":4260,"position":3},"title":"Salon AMAT, acteur dynamique du secteur textile.","date":"d\u00e9cembre 7, 2022","format":false,"excerpt":"Le salon AMAT s'impose aujourd'hui comme un des \u00e9v\u00e9nements majeurs de l'univers de la mode et du textile en France. Lieu de rencontres et de discussions, il est pour de nombreux acteurs du secteur en Provence Alpes Cote d'Azur, une date \u00e0 ne surtout pas manquer.","rel":"","context":"Dans &quot;nouvelles du secteur&quot;","img":{"alt_text":"","src":"https:\/\/i0.wp.com\/salonamat.com\/wp-content\/uploads\/2023\/01\/victor-2.jpeg?fit=720%2C720&ssl=1&resize=350%2C200","width":350,"height":200},"classes":[]},{"id":1247,"url":"https:\/\/salonamat.com\/index.php\/2022\/12\/09\/5\/","url_meta":{"origin":4260,"position":4},"title":"PRESENTATION DES COLLECTIONS Printemps-\u00c9t\u00e9 2027 : Mardi 10 f\u00e9vrier 2026","date":"d\u00e9cembre 9, 2022","format":false,"excerpt":"","rel":"","context":"Dans &quot;dates du salon&quot;","img":{"alt_text":"","src":"https:\/\/i0.wp.com\/salonamat.com\/wp-content\/uploads\/2015\/12\/AMBIANCE-AMAT-008.jpg?fit=1000%2C674&ssl=1&resize=350%2C200","width":350,"height":200},"classes":[]},{"id":1256,"url":"https:\/\/salonamat.com\/index.php\/2022\/12\/01\/le-salon-textile-n1-en-rhone-alpes\/","url_meta":{"origin":4260,"position":5},"title":"Le Salon Textile Incontournable En PACA","date":"d\u00e9cembre 1, 2022","format":false,"excerpt":"","rel":"","context":"Dans &quot;mode&quot;","img":{"alt_text":"","src":"https:\/\/i0.wp.com\/salonamat.com\/wp-content\/uploads\/2023\/01\/varcotex-3.jpeg?fit=1200%2C799&ssl=1&resize=350%2C200","width":350,"height":200},"classes":[]}],"_links":{"self":[{"href":"https:\/\/salonamat.com\/index.php\/wp-json\/wp\/v2\/posts\/4260"}],"collection":[{"href":"https:\/\/salonamat.com\/index.php\/wp-json\/wp\/v2\/posts"}],"about":[{"href":"https:\/\/salonamat.com\/index.php\/wp-json\/wp\/v2\/types\/post"}],"author":[{"embeddable":true,"href":"https:\/\/salonamat.com\/index.php\/wp-json\/wp\/v2\/users\/2"}],"replies":[{"embeddable":true,"href":"https:\/\/salonamat.com\/index.php\/wp-json\/wp\/v2\/comments?post=4260"}],"version-history":[{"count":16,"href":"https:\/\/salonamat.com\/index.php\/wp-json\/wp\/v2\/posts\/4260\/revisions"}],"predecessor-version":[{"id":10501,"href":"https:\/\/salonamat.com\/index.php\/wp-json\/wp\/v2\/posts\/4260\/revisions\/10501"}],"wp:featuredmedia":[{"embeddable":true,"href":"https:\/\/salonamat.com\/index.php\/wp-json\/wp\/v2\/media\/4886"}],"wp:attachment":[{"href":"https:\/\/salonamat.com\/index.php\/wp-json\/wp\/v2\/media?parent=4260"}],"wp:term":[{"taxonomy":"category","embeddable":true,"href":"https:\/\/salonamat.com\/index.php\/wp-json\/wp\/v2\/categories?post=4260"},{"taxonomy":"post_tag","embeddable":true,"href":"https:\/\/salonamat.com\/index.php\/wp-json\/wp\/v2\/tags?post=4260"}],"curies":[{"name":"wp","href":"https:\/\/api.w.org\/{rel}","templated":true}]}}