{"id":2125,"date":"2022-12-01T20:00:00","date_gmt":"2022-12-01T20:00:00","guid":{"rendered":"http:\/\/salonamat.com\/?p=2125"},"modified":"2026-01-19T12:47:09","modified_gmt":"2026-01-19T12:47:09","slug":"presentation-des-collections","status":"publish","type":"post","link":"https:\/\/salonamat.com\/index.php\/2022\/12\/01\/presentation-des-collections\/","title":{"rendered":"PRESENTATION DES COLLECTIONS Printemps-\u00c9t\u00e9 2027 : Mardi 10 f\u00e9vrier 2026"},"content":{"rendered":"<h4><span style=\"text-decoration: underline;\"><span style=\"color: #000080; text-decoration: underline;\">PRESENTATION DES COLLECTIONS Printemps-\u00e9t\u00e9 2027:<\/span><\/span><br>\n<strong><span style=\"color: #000080;\">Mardi 10 f\u00e9vrier 2026<\/span><\/strong><br>\n<strong><span style=\"color: #000080;\"> de 9H00 \u00e0 18H00<\/span><\/strong><\/h4>\n\n\n<p><strong>LE MAEVA<\/strong><\/p>\n\n\n\n<p>590 Avenue du Col de l&#8217;Ange<\/p>\n\n\n\n<p>13420 G\u00e9menos<\/p>\n\n\n<p><strong>HORAIRES 09H00-18H00<\/strong><\/p>\n<p><a href=\"https:\/\/www.domainedugem.com\/acces\">Cliquez ici pour le plan d&#8217;acc\u00e8s<\/a><\/p>\n<h4><span style=\"color: #666699;\">&nbsp;<\/span><\/h4>","protected":false},"excerpt":{"rendered":"<p>PRESENTATION DES COLLECTIONS Printemps-\u00e9t\u00e9 2027: Mardi 10 f\u00e9vrier 2026 de 9H00 \u00e0 18H00 LE MAEVA 590 Avenue du Col de l&#8217;Ange 13420 G\u00e9menos HORAIRES 09H00-18H00 Cliquez ici pour le plan d&#8217;acc\u00e8s &nbsp; <a href=\"https:\/\/salonamat.com\/index.php\/2022\/12\/01\/presentation-des-collections\/\" class=\"more-link\">Continuer de lire <span class=\"screen-reader-text\">PRESENTATION DES COLLECTIONS Printemps-\u00c9t\u00e9 2027 : Mardi 10 f\u00e9vrier 2026<\/span><\/a><\/p>\n","protected":false},"author":2,"featured_media":7079,"comment_status":"open","ping_status":"open","sticky":false,"template":"","format":"standard","meta":{"spay_email":"","jetpack_publicize_message":"","jetpack_is_tweetstorm":false,"jetpack_publicize_feature_enabled":true},"categories":[143],"tags":[135],"jetpack_featured_media_url":"https:\/\/i0.wp.com\/salonamat.com\/wp-content\/uploads\/2022\/12\/vibrant-fashion-textile-pattern-collection-display-generative-ai-scaled.jpg?fit=2560%2C1463&ssl=1","jetpack_publicize_connections":[],"jetpack_sharing_enabled":true,"jetpack_shortlink":"https:\/\/wp.me\/p7346W-yh","jetpack-related-posts":[{"id":4260,"url":"https:\/\/salonamat.com\/index.php\/2022\/12\/10\/attention-nouveau-lieu\/","url_meta":{"origin":2125,"position":0},"title":"Lieu du Salon &#8211; ATTENTION, CHANGMENT DE LIEU","date":"d\u00e9cembre 10, 2022","format":false,"excerpt":"PRESENTATION DES COLLECTIONS Printemps-\u00c9t\u00e9 2027 : Mardi 10 F\u00e9vrier 2026 de 9H00 \u00e0 18H00 LE MAEVA 590 Avenue du Col de l'Ange 13420 G\u00e9menos HORAIRES 09H00-18H00 Cliquez pour l\u2019acc\u00e8s au salon","rel":"","context":"Dans &quot;informations&quot;","img":{"alt_text":"","src":"https:\/\/i0.wp.com\/salonamat.com\/wp-content\/uploads\/2022\/12\/Capture-de\u0301cran-2023-01-10-a\u0300-21.38.19-e1673383591670.png?fit=599%2C267&ssl=1&resize=350%2C200","width":350,"height":200},"classes":[]},{"id":4251,"url":"https:\/\/salonamat.com\/index.php\/2022\/12\/01\/comment-se-rendre-au-salon\/","url_meta":{"origin":2125,"position":1},"title":"COMMENT SE RENDRE AU SALON?","date":"d\u00e9cembre 1, 2022","format":false,"excerpt":"PRESENTATION DES COLLECTIONS Printemps-\u00c9t\u00e9 2027 :Mardi 10 f\u00e9vrier 2026de 9H00 \u00e0 18H00 LE MAEVA 590 Avenue du Col de l'Ange 13420 G\u00e9menos HORAIRES 09H00-18H00 Cliquez pour l'acc\u00e8s au salon","rel":"","context":"Dans &quot;textile&quot;","img":{"alt_text":"","src":"https:\/\/i0.wp.com\/salonamat.com\/wp-content\/uploads\/2022\/12\/changement-de-lieu-.jpg?fit=1200%2C675&ssl=1&resize=350%2C200","width":350,"height":200},"classes":[]},{"id":1253,"url":"https:\/\/salonamat.com\/index.php\/2022\/12\/10\/prochain-salon-du-geatra\/","url_meta":{"origin":2125,"position":2},"title":"LA DATE DU PROCHAIN SALON EST DESORMAIS CONNUE","date":"d\u00e9cembre 10, 2022","format":false,"excerpt":"Le prochain SALON se tiendra le mardi 10 f\u00e9vrier 2026 PRESENTATION DES COLLECTIONS Printemps-\u00c9t\u00e9 2027 : de 9H00 \u00e0 18H00 LE MAEVA 590 Avenue du Col de l'Ange 13420 G\u00e9menos Cliquez pour l\u2019acc\u00e8s au salon R\u00e9serv\u00e9 aux professionnels.","rel":"","context":"Dans &quot;dates du salon&quot;","img":{"alt_text":"","src":"https:\/\/i0.wp.com\/salonamat.com\/wp-content\/uploads\/2022\/12\/freepik__35mm-film-photography-make-a-photo-like-picture-of__16416.jpeg?fit=1024%2C1024&ssl=1&resize=350%2C200","width":350,"height":200},"classes":[]},{"id":1247,"url":"https:\/\/salonamat.com\/index.php\/2022\/12\/09\/5\/","url_meta":{"origin":2125,"position":3},"title":"PRESENTATION DES COLLECTIONS Printemps-\u00c9t\u00e9 2027 : Mardi 10 f\u00e9vrier 2026","date":"d\u00e9cembre 9, 2022","format":false,"excerpt":"","rel":"","context":"Dans &quot;dates du salon&quot;","img":{"alt_text":"","src":"https:\/\/i0.wp.com\/salonamat.com\/wp-content\/uploads\/2015\/12\/AMBIANCE-AMAT-008.jpg?fit=1000%2C674&ssl=1&resize=350%2C200","width":350,"height":200},"classes":[]},{"id":2300,"url":"https:\/\/salonamat.com\/index.php\/2022\/12\/08\/calendrier-des-salons-textile-europeens\/","url_meta":{"origin":2125,"position":4},"title":"CALENDRIER DES SALONS TEXTILE EUROPEENS","date":"d\u00e9cembre 8, 2022","format":false,"excerpt":"L'AMAT vous offre ci-dessous le calendrier des SALONS TEXTILE EUROPEENS de 2026 \u00a0 COLLECTION Printemps\/\u00c9t\u00e9 2027 PRECO Paris du 7 au 8 janvier GEATEO du 13 au 14 janvier WHO'S NEXT du 17 au 19 Janvier INTERFILIERE \/ LINGERIE du 17 au 19 janvier MILANO UNICA du 20 au 22\u2026","rel":"","context":"Dans &quot;textile&quot;","img":{"alt_text":"","src":"https:\/\/i0.wp.com\/salonamat.com\/wp-content\/uploads\/2022\/12\/freepik__plain-blank-make-a-calendar-picture-of-the-month-o__16417.jpeg?fit=1024%2C1024&ssl=1&resize=350%2C200","width":350,"height":200},"classes":[]},{"id":1254,"url":"https:\/\/salonamat.com\/index.php\/2022\/12\/01\/plus-de-120-collections-representees\/","url_meta":{"origin":2125,"position":5},"title":"PLUS DE 120 COLLECTIONS REPRESENTEES","date":"d\u00e9cembre 1, 2022","format":false,"excerpt":"","rel":"","context":"Dans &quot;pr\u00eat-\u00e0-porter&quot;","img":{"alt_text":"","src":"https:\/\/i0.wp.com\/salonamat.com\/wp-content\/uploads\/2022\/12\/5.png?fit=1200%2C851&ssl=1&resize=350%2C200","width":350,"height":200},"classes":[]}],"_links":{"self":[{"href":"https:\/\/salonamat.com\/index.php\/wp-json\/wp\/v2\/posts\/2125"}],"collection":[{"href":"https:\/\/salonamat.com\/index.php\/wp-json\/wp\/v2\/posts"}],"about":[{"href":"https:\/\/salonamat.com\/index.php\/wp-json\/wp\/v2\/types\/post"}],"author":[{"embeddable":true,"href":"https:\/\/salonamat.com\/index.php\/wp-json\/wp\/v2\/users\/2"}],"replies":[{"embeddable":true,"href":"https:\/\/salonamat.com\/index.php\/wp-json\/wp\/v2\/comments?post=2125"}],"version-history":[{"count":36,"href":"https:\/\/salonamat.com\/index.php\/wp-json\/wp\/v2\/posts\/2125\/revisions"}],"predecessor-version":[{"id":10507,"href":"https:\/\/salonamat.com\/index.php\/wp-json\/wp\/v2\/posts\/2125\/revisions\/10507"}],"wp:featuredmedia":[{"embeddable":true,"href":"https:\/\/salonamat.com\/index.php\/wp-json\/wp\/v2\/media\/7079"}],"wp:attachment":[{"href":"https:\/\/salonamat.com\/index.php\/wp-json\/wp\/v2\/media?parent=2125"}],"wp:term":[{"taxonomy":"category","embeddable":true,"href":"https:\/\/salonamat.com\/index.php\/wp-json\/wp\/v2\/categories?post=2125"},{"taxonomy":"post_tag","embeddable":true,"href":"https:\/\/salonamat.com\/index.php\/wp-json\/wp\/v2\/tags?post=2125"}],"curies":[{"name":"wp","href":"https:\/\/api.w.org\/{rel}","templated":true}]}}