{"id":1254,"date":"2022-12-01T19:00:02","date_gmt":"2022-12-01T19:00:02","guid":{"rendered":"http:\/\/salongeatra.com\/?p=232"},"modified":"2025-12-09T08:28:25","modified_gmt":"2025-12-09T08:28:25","slug":"plus-de-120-collections-representees","status":"publish","type":"post","link":"https:\/\/salonamat.com\/index.php\/2022\/12\/01\/plus-de-120-collections-representees\/","title":{"rendered":"PLUS DE 120 COLLECTIONS REPRESENTEES"},"content":{"rendered":"","protected":false},"excerpt":{"rendered":"<p> <a href=\"https:\/\/salonamat.com\/index.php\/2022\/12\/01\/plus-de-120-collections-representees\/\" class=\"more-link\">Continuer de lire <span class=\"screen-reader-text\">PLUS DE 120 COLLECTIONS REPRESENTEES<\/span><\/a><\/p>\n","protected":false},"author":2,"featured_media":8043,"comment_status":"open","ping_status":"open","sticky":false,"template":"","format":"standard","meta":{"spay_email":"","jetpack_publicize_message":"","jetpack_is_tweetstorm":false,"jetpack_publicize_feature_enabled":true},"categories":[39],"tags":[135],"jetpack_featured_media_url":"https:\/\/i0.wp.com\/salonamat.com\/wp-content\/uploads\/2022\/12\/5.png?fit=1748%2C1240&ssl=1","jetpack_publicize_connections":[],"jetpack_sharing_enabled":true,"jetpack_shortlink":"https:\/\/wp.me\/p7346W-ke","jetpack-related-posts":[{"id":2125,"url":"https:\/\/salonamat.com\/index.php\/2022\/12\/01\/presentation-des-collections\/","url_meta":{"origin":1254,"position":0},"title":"PRESENTATION DES COLLECTIONS Printemps-\u00c9t\u00e9 2027 : Mardi 10 f\u00e9vrier 2026","date":"d\u00e9cembre 1, 2022","format":false,"excerpt":"PRESENTATION DES COLLECTIONS Printemps-\u00e9t\u00e9 2027: Mardi 10 f\u00e9vrier 2026 de 9H00 \u00e0 18H00 LE MAEVA 590 Avenue du Col de l'Ange 13420 G\u00e9menos HORAIRES 09H00-18H00 Cliquez ici pour le plan d'acc\u00e8s \u00a0","rel":"","context":"Dans &quot;dates du salon&quot;","img":{"alt_text":"","src":"https:\/\/i0.wp.com\/salonamat.com\/wp-content\/uploads\/2022\/12\/vibrant-fashion-textile-pattern-collection-display-generative-ai-scaled.jpg?fit=1200%2C686&ssl=1&resize=350%2C200","width":350,"height":200},"classes":[]},{"id":4251,"url":"https:\/\/salonamat.com\/index.php\/2022\/12\/01\/comment-se-rendre-au-salon\/","url_meta":{"origin":1254,"position":1},"title":"COMMENT SE RENDRE AU SALON?","date":"d\u00e9cembre 1, 2022","format":false,"excerpt":"PRESENTATION DES COLLECTIONS Printemps-\u00c9t\u00e9 2027 :Mardi 10 f\u00e9vrier 2026de 9H00 \u00e0 18H00 LE MAEVA 590 Avenue du Col de l'Ange 13420 G\u00e9menos HORAIRES 09H00-18H00 Cliquez pour l'acc\u00e8s au salon","rel":"","context":"Dans &quot;textile&quot;","img":{"alt_text":"","src":"https:\/\/i0.wp.com\/salonamat.com\/wp-content\/uploads\/2022\/12\/changement-de-lieu-.jpg?fit=1200%2C675&ssl=1&resize=350%2C200","width":350,"height":200},"classes":[]},{"id":4260,"url":"https:\/\/salonamat.com\/index.php\/2022\/12\/10\/attention-nouveau-lieu\/","url_meta":{"origin":1254,"position":2},"title":"Lieu du Salon &#8211; ATTENTION, CHANGMENT DE LIEU","date":"d\u00e9cembre 10, 2022","format":false,"excerpt":"PRESENTATION DES COLLECTIONS Printemps-\u00c9t\u00e9 2027 : Mardi 10 F\u00e9vrier 2026 de 9H00 \u00e0 18H00 LE MAEVA 590 Avenue du Col de l'Ange 13420 G\u00e9menos HORAIRES 09H00-18H00 Cliquez pour l\u2019acc\u00e8s au salon","rel":"","context":"Dans &quot;informations&quot;","img":{"alt_text":"","src":"https:\/\/i0.wp.com\/salonamat.com\/wp-content\/uploads\/2022\/12\/Capture-de\u0301cran-2023-01-10-a\u0300-21.38.19-e1673383591670.png?fit=599%2C267&ssl=1&resize=350%2C200","width":350,"height":200},"classes":[]},{"id":1253,"url":"https:\/\/salonamat.com\/index.php\/2022\/12\/10\/prochain-salon-du-geatra\/","url_meta":{"origin":1254,"position":3},"title":"LA DATE DU PROCHAIN SALON EST DESORMAIS CONNUE","date":"d\u00e9cembre 10, 2022","format":false,"excerpt":"Le prochain SALON se tiendra le mardi 10 f\u00e9vrier 2026 PRESENTATION DES COLLECTIONS Printemps-\u00c9t\u00e9 2027 : de 9H00 \u00e0 18H00 LE MAEVA 590 Avenue du Col de l'Ange 13420 G\u00e9menos Cliquez pour l\u2019acc\u00e8s au salon R\u00e9serv\u00e9 aux professionnels.","rel":"","context":"Dans &quot;dates du salon&quot;","img":{"alt_text":"","src":"https:\/\/i0.wp.com\/salonamat.com\/wp-content\/uploads\/2022\/12\/freepik__35mm-film-photography-make-a-photo-like-picture-of__16416.jpeg?fit=1024%2C1024&ssl=1&resize=350%2C200","width":350,"height":200},"classes":[]},{"id":1257,"url":"https:\/\/salonamat.com\/index.php\/2022\/12\/01\/deux-jours-de-rencontres-essentielles\/","url_meta":{"origin":1254,"position":4},"title":"Une journ\u00e9e unique et enrichissante!","date":"d\u00e9cembre 1, 2022","format":false,"excerpt":"","rel":"","context":"Dans &quot;nouvelles du secteur&quot;","img":{"alt_text":"","src":"https:\/\/i0.wp.com\/salonamat.com\/wp-content\/uploads\/2015\/12\/AMBIANCE-AMAT-018.jpg?fit=1000%2C667&ssl=1&resize=350%2C200","width":350,"height":200},"classes":[]},{"id":1247,"url":"https:\/\/salonamat.com\/index.php\/2022\/12\/09\/5\/","url_meta":{"origin":1254,"position":5},"title":"PRESENTATION DES COLLECTIONS Printemps-\u00c9t\u00e9 2027 : Mardi 10 f\u00e9vrier 2026","date":"d\u00e9cembre 9, 2022","format":false,"excerpt":"","rel":"","context":"Dans &quot;dates du salon&quot;","img":{"alt_text":"","src":"https:\/\/i0.wp.com\/salonamat.com\/wp-content\/uploads\/2015\/12\/AMBIANCE-AMAT-008.jpg?fit=1000%2C674&ssl=1&resize=350%2C200","width":350,"height":200},"classes":[]}],"_links":{"self":[{"href":"https:\/\/salonamat.com\/index.php\/wp-json\/wp\/v2\/posts\/1254"}],"collection":[{"href":"https:\/\/salonamat.com\/index.php\/wp-json\/wp\/v2\/posts"}],"about":[{"href":"https:\/\/salonamat.com\/index.php\/wp-json\/wp\/v2\/types\/post"}],"author":[{"embeddable":true,"href":"https:\/\/salonamat.com\/index.php\/wp-json\/wp\/v2\/users\/2"}],"replies":[{"embeddable":true,"href":"https:\/\/salonamat.com\/index.php\/wp-json\/wp\/v2\/comments?post=1254"}],"version-history":[{"count":2,"href":"https:\/\/salonamat.com\/index.php\/wp-json\/wp\/v2\/posts\/1254\/revisions"}],"predecessor-version":[{"id":5234,"href":"https:\/\/salonamat.com\/index.php\/wp-json\/wp\/v2\/posts\/1254\/revisions\/5234"}],"wp:featuredmedia":[{"embeddable":true,"href":"https:\/\/salonamat.com\/index.php\/wp-json\/wp\/v2\/media\/8043"}],"wp:attachment":[{"href":"https:\/\/salonamat.com\/index.php\/wp-json\/wp\/v2\/media?parent=1254"}],"wp:term":[{"taxonomy":"category","embeddable":true,"href":"https:\/\/salonamat.com\/index.php\/wp-json\/wp\/v2\/categories?post=1254"},{"taxonomy":"post_tag","embeddable":true,"href":"https:\/\/salonamat.com\/index.php\/wp-json\/wp\/v2\/tags?post=1254"}],"curies":[{"name":"wp","href":"https:\/\/api.w.org\/{rel}","templated":true}]}}